{"id":4340,"date":"2022-04-28T19:53:18","date_gmt":"2022-04-28T17:53:18","guid":{"rendered":"https:\/\/rifugiovalcamonica.com\/fr\/?p=4340"},"modified":"2022-04-30T09:22:55","modified_gmt":"2022-04-30T07:22:55","slug":"marcher-dans-les-montagnes-je-travaille-pour-moi","status":"publish","type":"post","link":"https:\/\/rifugiovalcamonica.com\/fr\/marcher-dans-les-montagnes-je-travaille-pour-moi\/","title":{"rendered":"Marcher dans les montagnes, je travaille pour moi"},"content":{"rendered":"<p><a ref=\"magnificPopup\" href=\"https:\/\/rifugiovalcamonica.com\/fr\/wp-content\/uploads\/2022\/04\/IMG_20220409_175731790_HDR-scaled.jpg\"><img loading=\"lazy\" class=\"size-medium wp-image-4323 alignleft\" src=\"https:\/\/rifugiovalcamonica.com\/fr\/wp-content\/uploads\/2022\/04\/IMG_20220409_175731790_HDR-300x225.jpg\" alt=\"\" width=\"300\" height=\"225\" srcset=\"https:\/\/rifugiovalcamonica.com\/fr\/wp-content\/uploads\/2022\/04\/IMG_20220409_175731790_HDR-300x225.jpg 300w, https:\/\/rifugiovalcamonica.com\/fr\/wp-content\/uploads\/2022\/04\/IMG_20220409_175731790_HDR-1024x768.jpg 1024w, https:\/\/rifugiovalcamonica.com\/fr\/wp-content\/uploads\/2022\/04\/IMG_20220409_175731790_HDR-768x576.jpg 768w, https:\/\/rifugiovalcamonica.com\/fr\/wp-content\/uploads\/2022\/04\/IMG_20220409_175731790_HDR-1536x1152.jpg 1536w, https:\/\/rifugiovalcamonica.com\/fr\/wp-content\/uploads\/2022\/04\/IMG_20220409_175731790_HDR-2048x1536.jpg 2048w, https:\/\/rifugiovalcamonica.com\/fr\/wp-content\/uploads\/2022\/04\/IMG_20220409_175731790_HDR-600x450.jpg 600w\" sizes=\"(max-width: 300px) 100vw, 300px\" \/><\/a>Marcher dans les montagnes, je travaille pour moi-m\u00eame. C&#8217;est la phrase prononc\u00e9e il y a quelques ann\u00e9es par un alpiniste hollandais qui effectuait la travers\u00e9e de nos Alpes et qui s&#8217;\u00e9tait arr\u00eat\u00e9 \u00e0 notre refuge pour quelques nuits. Dans la causerie du soir, apr\u00e8s le d\u00eener, j&#8217;ai \u00e9t\u00e9 particuli\u00e8rement frapp\u00e9e par ses paroles : \u00ab J&#8217;ai travaill\u00e9 toute ma vie pour les autres et maintenant que je suis \u00e0 la retraite je travaille pour moi. Parce que marcher en montagne, c&#8217;est travailler pour moi, parce que \u00e7a me fait se sentir bien. dans le corps et l&#8217;esprit. Cela me donne satisfaction. &#8221; Je partage. Le sens du travail est \u00ab l&#8217;application d&#8217;une \u00e9nergie \u00e0 la r\u00e9alisation d&#8217;un but pr\u00e9cis \u00bb et marcher en montagne c&#8217;est appliquer une \u00e9nergie pour atteindre un but pr\u00e9cis, que ce soit le but choisi, ou faire du sport, ou encore se mesurer avec lui-m\u00eame. Ce n&#8217;est pas un travail difficile, c&#8217;est un travail qui vous pla\u00eet, c&#8217;est la vie.<\/p>\n","protected":false},"excerpt":{"rendered":"<p>Marcher dans les montagnes, je travaille pour moi-m\u00eame. C&#8217;est la phrase prononc\u00e9e il y a quelques ann\u00e9es par un alpiniste hollandais qui effectuait la travers\u00e9e de nos Alpes et qui s&#8217;\u00e9tait arr\u00eat\u00e9 \u00e0 notre refuge pour quelques nuits. Dans la causerie du soir, apr\u00e8s le d\u00eener, j&#8217;ai \u00e9t\u00e9 particuli\u00e8rement frapp\u00e9e par ses paroles : \u00ab&#8230;<\/p>\n","protected":false},"author":15,"featured_media":4341,"comment_status":"closed","ping_status":"closed","sticky":false,"template":"","format":"standard","meta":[],"categories":[1],"tags":[],"yoast_head":"<!-- This site is optimized with the Yoast SEO plugin v18.6 - https:\/\/yoast.com\/wordpress\/plugins\/seo\/ -->\n<title>Marcher dans les montagnes, je travaille pour moi - Rifugio De Marie<\/title>\n<meta name=\"robots\" content=\"index, follow, max-snippet:-1, max-image-preview:large, max-video-preview:-1\" \/>\n<link rel=\"canonical\" href=\"https:\/\/rifugiovalcamonica.com\/fr\/marcher-dans-les-montagnes-je-travaille-pour-moi\/\" \/>\n<meta property=\"og:locale\" content=\"it_IT\" \/>\n<meta property=\"og:type\" content=\"article\" \/>\n<meta property=\"og:title\" content=\"Marcher dans les montagnes, je travaille pour moi - Rifugio De Marie\" \/>\n<meta property=\"og:description\" content=\"Marcher dans les montagnes, je travaille pour moi-m\u00eame. C&#8217;est la phrase prononc\u00e9e il y a quelques ann\u00e9es par un alpiniste hollandais qui effectuait la travers\u00e9e de nos Alpes et qui s&#8217;\u00e9tait arr\u00eat\u00e9 \u00e0 notre refuge pour quelques nuits. Dans la causerie du soir, apr\u00e8s le d\u00eener, j&#8217;ai \u00e9t\u00e9 particuli\u00e8rement frapp\u00e9e par ses paroles : \u00ab...\" \/>\n<meta property=\"og:url\" content=\"https:\/\/rifugiovalcamonica.com\/fr\/marcher-dans-les-montagnes-je-travaille-pour-moi\/\" \/>\n<meta property=\"og:site_name\" content=\"Rifugio De Marie\" \/>\n<meta property=\"article:published_time\" content=\"2022-04-28T17:53:18+00:00\" \/>\n<meta property=\"article:modified_time\" content=\"2022-04-30T07:22:55+00:00\" \/>\n<meta property=\"og:image\" content=\"https:\/\/rifugiovalcamonica.com\/fr\/wp-content\/uploads\/2022\/04\/IMG_20220409_102948321_HDR-1-scaled.jpg\" \/>\n\t<meta property=\"og:image:width\" content=\"1920\" \/>\n\t<meta property=\"og:image:height\" content=\"2560\" \/>\n\t<meta property=\"og:image:type\" content=\"image\/jpeg\" \/>\n<meta name=\"twitter:label1\" content=\"Scritto da\" \/>\n\t<meta name=\"twitter:data1\" content=\"AssuntaDemarie\" \/>\n\t<meta name=\"twitter:label2\" content=\"Tempo di lettura stimato\" \/>\n\t<meta name=\"twitter:data2\" content=\"2 minuti\" \/>\n<script type=\"application\/ld+json\" class=\"yoast-schema-graph\">{\"@context\":\"https:\/\/schema.org\",\"@graph\":[{\"@type\":\"WebSite\",\"@id\":\"https:\/\/rifugiovalcamonica.com\/fr\/#website\",\"url\":\"https:\/\/rifugiovalcamonica.com\/fr\/\",\"name\":\"Rifugio De Marie\",\"description\":\"Rifugio in Valcamonica\",\"potentialAction\":[{\"@type\":\"SearchAction\",\"target\":{\"@type\":\"EntryPoint\",\"urlTemplate\":\"https:\/\/rifugiovalcamonica.com\/fr\/?s={search_term_string}\"},\"query-input\":\"required name=search_term_string\"}],\"inLanguage\":\"it-IT\"},{\"@type\":\"ImageObject\",\"@id\":\"https:\/\/rifugiovalcamonica.com\/fr\/marcher-dans-les-montagnes-je-travaille-pour-moi\/#primaryimage\",\"inLanguage\":\"it-IT\",\"url\":\"https:\/\/rifugiovalcamonica.com\/fr\/wp-content\/uploads\/2022\/04\/IMG_20220409_102948321_HDR-1-scaled.jpg\",\"contentUrl\":\"https:\/\/rifugiovalcamonica.com\/fr\/wp-content\/uploads\/2022\/04\/IMG_20220409_102948321_HDR-1-scaled.jpg\",\"width\":1920,\"height\":2560},{\"@type\":\"WebPage\",\"@id\":\"https:\/\/rifugiovalcamonica.com\/fr\/marcher-dans-les-montagnes-je-travaille-pour-moi\/#webpage\",\"url\":\"https:\/\/rifugiovalcamonica.com\/fr\/marcher-dans-les-montagnes-je-travaille-pour-moi\/\",\"name\":\"Marcher dans les montagnes, je travaille pour moi - Rifugio De Marie\",\"isPartOf\":{\"@id\":\"https:\/\/rifugiovalcamonica.com\/fr\/#website\"},\"primaryImageOfPage\":{\"@id\":\"https:\/\/rifugiovalcamonica.com\/fr\/marcher-dans-les-montagnes-je-travaille-pour-moi\/#primaryimage\"},\"datePublished\":\"2022-04-28T17:53:18+00:00\",\"dateModified\":\"2022-04-30T07:22:55+00:00\",\"author\":{\"@id\":\"https:\/\/rifugiovalcamonica.com\/fr\/#\/schema\/person\/fa3e39b01fd2cd72eb57ec528d2cbee8\"},\"breadcrumb\":{\"@id\":\"https:\/\/rifugiovalcamonica.com\/fr\/marcher-dans-les-montagnes-je-travaille-pour-moi\/#breadcrumb\"},\"inLanguage\":\"it-IT\",\"potentialAction\":[{\"@type\":\"ReadAction\",\"target\":[\"https:\/\/rifugiovalcamonica.com\/fr\/marcher-dans-les-montagnes-je-travaille-pour-moi\/\"]}]},{\"@type\":\"BreadcrumbList\",\"@id\":\"https:\/\/rifugiovalcamonica.com\/fr\/marcher-dans-les-montagnes-je-travaille-pour-moi\/#breadcrumb\",\"itemListElement\":[{\"@type\":\"ListItem\",\"position\":1,\"name\":\"Marcher dans les montagnes, je travaille pour moi\"}]},{\"@type\":\"Person\",\"@id\":\"https:\/\/rifugiovalcamonica.com\/fr\/#\/schema\/person\/fa3e39b01fd2cd72eb57ec528d2cbee8\",\"name\":\"AssuntaDemarie\",\"image\":{\"@type\":\"ImageObject\",\"@id\":\"https:\/\/rifugiovalcamonica.com\/fr\/#personlogo\",\"inLanguage\":\"it-IT\",\"url\":\"https:\/\/secure.gravatar.com\/avatar\/235a7d445d3a21c09afa8a0e4c6ae35c?s=96&d=mm&r=g\",\"contentUrl\":\"https:\/\/secure.gravatar.com\/avatar\/235a7d445d3a21c09afa8a0e4c6ae35c?s=96&d=mm&r=g\",\"caption\":\"AssuntaDemarie\"},\"url\":\"https:\/\/rifugiovalcamonica.com\/fr\/author\/assuntademarie\/\"}]}<\/script>\n<!-- \/ Yoast SEO plugin. -->","yoast_head_json":{"title":"Marcher dans les montagnes, je travaille pour moi - Rifugio De Marie","robots":{"index":"index","follow":"follow","max-snippet":"max-snippet:-1","max-image-preview":"max-image-preview:large","max-video-preview":"max-video-preview:-1"},"canonical":"https:\/\/rifugiovalcamonica.com\/fr\/marcher-dans-les-montagnes-je-travaille-pour-moi\/","og_locale":"it_IT","og_type":"article","og_title":"Marcher dans les montagnes, je travaille pour moi - Rifugio De Marie","og_description":"Marcher dans les montagnes, je travaille pour moi-m\u00eame. C&#8217;est la phrase prononc\u00e9e il y a quelques ann\u00e9es par un alpiniste hollandais qui effectuait la travers\u00e9e de nos Alpes et qui s&#8217;\u00e9tait arr\u00eat\u00e9 \u00e0 notre refuge pour quelques nuits. Dans la causerie du soir, apr\u00e8s le d\u00eener, j&#8217;ai \u00e9t\u00e9 particuli\u00e8rement frapp\u00e9e par ses paroles : \u00ab...","og_url":"https:\/\/rifugiovalcamonica.com\/fr\/marcher-dans-les-montagnes-je-travaille-pour-moi\/","og_site_name":"Rifugio De Marie","article_published_time":"2022-04-28T17:53:18+00:00","article_modified_time":"2022-04-30T07:22:55+00:00","og_image":[{"width":1920,"height":2560,"url":"https:\/\/rifugiovalcamonica.com\/fr\/wp-content\/uploads\/2022\/04\/IMG_20220409_102948321_HDR-1-scaled.jpg","type":"image\/jpeg"}],"twitter_misc":{"Scritto da":"AssuntaDemarie","Tempo di lettura stimato":"2 minuti"},"schema":{"@context":"https:\/\/schema.org","@graph":[{"@type":"WebSite","@id":"https:\/\/rifugiovalcamonica.com\/fr\/#website","url":"https:\/\/rifugiovalcamonica.com\/fr\/","name":"Rifugio De Marie","description":"Rifugio in Valcamonica","potentialAction":[{"@type":"SearchAction","target":{"@type":"EntryPoint","urlTemplate":"https:\/\/rifugiovalcamonica.com\/fr\/?s={search_term_string}"},"query-input":"required name=search_term_string"}],"inLanguage":"it-IT"},{"@type":"ImageObject","@id":"https:\/\/rifugiovalcamonica.com\/fr\/marcher-dans-les-montagnes-je-travaille-pour-moi\/#primaryimage","inLanguage":"it-IT","url":"https:\/\/rifugiovalcamonica.com\/fr\/wp-content\/uploads\/2022\/04\/IMG_20220409_102948321_HDR-1-scaled.jpg","contentUrl":"https:\/\/rifugiovalcamonica.com\/fr\/wp-content\/uploads\/2022\/04\/IMG_20220409_102948321_HDR-1-scaled.jpg","width":1920,"height":2560},{"@type":"WebPage","@id":"https:\/\/rifugiovalcamonica.com\/fr\/marcher-dans-les-montagnes-je-travaille-pour-moi\/#webpage","url":"https:\/\/rifugiovalcamonica.com\/fr\/marcher-dans-les-montagnes-je-travaille-pour-moi\/","name":"Marcher dans les montagnes, je travaille pour moi - Rifugio De Marie","isPartOf":{"@id":"https:\/\/rifugiovalcamonica.com\/fr\/#website"},"primaryImageOfPage":{"@id":"https:\/\/rifugiovalcamonica.com\/fr\/marcher-dans-les-montagnes-je-travaille-pour-moi\/#primaryimage"},"datePublished":"2022-04-28T17:53:18+00:00","dateModified":"2022-04-30T07:22:55+00:00","author":{"@id":"https:\/\/rifugiovalcamonica.com\/fr\/#\/schema\/person\/fa3e39b01fd2cd72eb57ec528d2cbee8"},"breadcrumb":{"@id":"https:\/\/rifugiovalcamonica.com\/fr\/marcher-dans-les-montagnes-je-travaille-pour-moi\/#breadcrumb"},"inLanguage":"it-IT","potentialAction":[{"@type":"ReadAction","target":["https:\/\/rifugiovalcamonica.com\/fr\/marcher-dans-les-montagnes-je-travaille-pour-moi\/"]}]},{"@type":"BreadcrumbList","@id":"https:\/\/rifugiovalcamonica.com\/fr\/marcher-dans-les-montagnes-je-travaille-pour-moi\/#breadcrumb","itemListElement":[{"@type":"ListItem","position":1,"name":"Marcher dans les montagnes, je travaille pour moi"}]},{"@type":"Person","@id":"https:\/\/rifugiovalcamonica.com\/fr\/#\/schema\/person\/fa3e39b01fd2cd72eb57ec528d2cbee8","name":"AssuntaDemarie","image":{"@type":"ImageObject","@id":"https:\/\/rifugiovalcamonica.com\/fr\/#personlogo","inLanguage":"it-IT","url":"https:\/\/secure.gravatar.com\/avatar\/235a7d445d3a21c09afa8a0e4c6ae35c?s=96&d=mm&r=g","contentUrl":"https:\/\/secure.gravatar.com\/avatar\/235a7d445d3a21c09afa8a0e4c6ae35c?s=96&d=mm&r=g","caption":"AssuntaDemarie"},"url":"https:\/\/rifugiovalcamonica.com\/fr\/author\/assuntademarie\/"}]}},"_links":{"self":[{"href":"https:\/\/rifugiovalcamonica.com\/fr\/wp-json\/wp\/v2\/posts\/4340"}],"collection":[{"href":"https:\/\/rifugiovalcamonica.com\/fr\/wp-json\/wp\/v2\/posts"}],"about":[{"href":"https:\/\/rifugiovalcamonica.com\/fr\/wp-json\/wp\/v2\/types\/post"}],"author":[{"embeddable":true,"href":"https:\/\/rifugiovalcamonica.com\/fr\/wp-json\/wp\/v2\/users\/15"}],"replies":[{"embeddable":true,"href":"https:\/\/rifugiovalcamonica.com\/fr\/wp-json\/wp\/v2\/comments?post=4340"}],"version-history":[{"count":2,"href":"https:\/\/rifugiovalcamonica.com\/fr\/wp-json\/wp\/v2\/posts\/4340\/revisions"}],"predecessor-version":[{"id":4344,"href":"https:\/\/rifugiovalcamonica.com\/fr\/wp-json\/wp\/v2\/posts\/4340\/revisions\/4344"}],"wp:featuredmedia":[{"embeddable":true,"href":"https:\/\/rifugiovalcamonica.com\/fr\/wp-json\/wp\/v2\/media\/4341"}],"wp:attachment":[{"href":"https:\/\/rifugiovalcamonica.com\/fr\/wp-json\/wp\/v2\/media?parent=4340"}],"wp:term":[{"taxonomy":"category","embeddable":true,"href":"https:\/\/rifugiovalcamonica.com\/fr\/wp-json\/wp\/v2\/categories?post=4340"},{"taxonomy":"post_tag","embeddable":true,"href":"https:\/\/rifugiovalcamonica.com\/fr\/wp-json\/wp\/v2\/tags?post=4340"}],"curies":[{"name":"wp","href":"https:\/\/api.w.org\/{rel}","templated":true}]}}